{"id":1986,"date":"2026-01-15T16:44:48","date_gmt":"2026-01-15T16:44:48","guid":{"rendered":"https:\/\/diegogarciadelrio.com\/?p=1986"},"modified":"2026-02-09T18:54:37","modified_gmt":"2026-02-09T18:54:37","slug":"analyse-et-opinion-de-diego-garcia-del-rio-izertis-sa-izer","status":"publish","type":"post","link":"https:\/\/diegogarciadelrio.com\/fr\/analyse-et-opinion-de-diego-garcia-del-rio-izertis-sa-izer\/","title":{"rendered":"Analyse et opinion de Diego Garc\u00eda del R\u00edo : Izertis Sa ($IZER)"},"content":{"rendered":"<p>L'entr\u00e9e sur le march\u00e9 espagnol, qui n'est pas notre objectif principal mais un domaine que nous surveillons constamment pour y trouver de nouvelles opportunit\u00e9s, <strong>Izertis S.A. ($IZER)<\/strong> se distingue en tant qu'entreprise technologique avec une <strong>profil de croissance soutenue<\/strong> et un <strong>feuille de route strat\u00e9gique pour une transformation num\u00e9rique de bout en bout<\/strong>.<\/p>\n\n\n\n<p>Izertis op\u00e8re dans les segments suivants <strong>conseil en technologie, intelligence artificielle, cybers\u00e9curit\u00e9, donn\u00e9es et analyses, cloud, int\u00e9gration de syst\u00e8mes et solutions d'entreprise<\/strong>, Elle occupe une position concurrentielle au sein de l'\u00e9cosyst\u00e8me europ\u00e9en des services informatiques. Ces derni\u00e8res ann\u00e9es, elle a fait preuve d'une <strong>taux d'expansion organique et inorganique<\/strong>, gr\u00e2ce \u00e0 des acquisitions et \u00e0 son plan strat\u00e9gique, qui donne la priorit\u00e9 \u00e0 l'extensibilit\u00e9 des activit\u00e9s, \u00e0 la diversification sectorielle et \u00e0 l'internationalisation.<\/p>\n\n\n\n<p>Voici un tableau avec les <strong>prix actuel<\/strong> et un <strong>estimation des sc\u00e9narios d'\u00e9valuation<\/strong>, que j'\u00e9tablis sur la base de ses performances op\u00e9rationnelles, du respect du plan strat\u00e9gique et des pr\u00e9visions de croissance sectorielle \u00e0 moyen\/long terme :<\/p>\n\n\n\n<figure class=\"wp-block-table\"><table class=\"has-fixed-layout\"><tbody><tr><td>$IZER<\/td><td>ACTUEL<\/td><td>PESSIMISME<\/td><td>NORMAL<\/td><td>OPTIMISTE<\/td><\/tr><tr><td>PRIX (EUR)<\/td><td>10.50<\/td><td>9.00<\/td><td>13.00<\/td><td>16.00<\/td><\/tr><tr><td>HAUT\/BAS<\/td><td>-<\/td><td>-14%<\/td><td>+24%<\/td><td>+52%<\/td><\/tr><\/tbody><\/table><\/figure>\n\n\n\n<p>*La <strong>prix cibles<\/strong> sont bas\u00e9es sur <strong>croissance pr\u00e9vue des marges d'exploitation<\/strong>, <strong>consolidation de la fili\u00e8re des projets num\u00e9riques<\/strong>, La contribution la plus importante des <strong>des services \u00e0 forte valeur ajout\u00e9e<\/strong> et le <strong>\u00e9tat d'avancement du plan strat\u00e9gique<\/strong>avec <strong>ajustements \u00e0 la hausse<\/strong> en cas de nouvelles acquisitions, d'acc\u00e9l\u00e9ration de l'expansion internationale ou d'am\u00e9lioration de la r\u00e9currence des revenus.<\/p>\n\n\n\n<div style=\"height:20px\" aria-hidden=\"true\" class=\"wp-block-spacer\"><\/div>\n\n\n\n<h2 class=\"wp-block-heading\">Izertis S.A. (IZER)<\/h2>\n\n\n\n<p><strong>Izertis<\/strong> est un <strong>Conseil en technologie en Espagne<\/strong>, principalement sp\u00e9cialis\u00e9e dans <strong>transformation num\u00e9rique<\/strong> e <strong>l'innovation<\/strong>, offres <strong>des services complets<\/strong> aider les entreprises \u00e0 optimiser leurs processus gr\u00e2ce \u00e0 des technologies avanc\u00e9es telles que <strong>intelligence artificielle<\/strong>, <strong>cybers\u00e9curit\u00e9<\/strong>, <strong>informatique en nuage<\/strong> y <strong>d\u00e9veloppement de logiciels<\/strong>.<\/p>\n\n\n\n<p>Son approche est bas\u00e9e sur <strong>conseil strat\u00e9gique<\/strong> \u00e0 la <strong>mise en \u0153uvre de solutions personnalis\u00e9es<\/strong>, L'accent est mis sur les secteurs suivants <strong>banque<\/strong>, <strong>assurance<\/strong>, <strong>l'industrie<\/strong>, <strong>l'administration publique<\/strong> y <strong>les t\u00e9l\u00e9communications<\/strong>. Son objectif est de promouvoir la <strong>efficacit\u00e9 op\u00e9rationnelle<\/strong>les <strong>exp\u00e9rience client<\/strong> et le <strong>croissance durable<\/strong> dans l'environnement num\u00e9rique. Pour simplifier, Izertis joue le r\u00f4le de <strong>partenaire technologique<\/strong>, con\u00e7oit et d\u00e9ploie des syst\u00e8mes permettant \u00e0 l'entreprise d'\u00eatre comp\u00e9titive \u00e0 l'\u00e8re num\u00e9rique, en utilisant des outils tels que <strong>plates-formes en nuage<\/strong> y <strong>l'analyse des donn\u00e9es<\/strong> de r\u00e9soudre efficacement des probl\u00e8mes complexes.<\/p>\n\n\n\n<p>Votre <strong>mod\u00e8le d'entreprise<\/strong> combine <strong>croissance organique<\/strong> avec <strong>acquisitions strat\u00e9giques<\/strong>, qui vous permet de <strong>\u00e9tendre sa pr\u00e9sence mondiale<\/strong> y <strong>diversifier son portefeuille de services<\/strong>, minimiser les risques li\u00e9s \u00e0 la d\u00e9pendance vis-\u00e0-vis des march\u00e9s locaux ou des technologies obsol\u00e8tes.<\/p>\n\n\n\n<p>Elle a \u00e9t\u00e9 fond\u00e9e en <strong>1996<\/strong> et est bas\u00e9 \u00e0 <strong>Gij\u00f3n, Espagne<\/strong>. Izertis est pass\u00e9e d'une entreprise locale \u00e0 une entreprise internationale. <strong>organisme international<\/strong> avec des op\u00e9rations en <strong>plus de 25 pays<\/strong>, y compris des centres de production dans les pays suivants <strong>L'Europe<\/strong>, <strong>Am\u00e9rique latine<\/strong> e <strong>Inde<\/strong>. Il se trouve actuellement dans une <strong>phase d'expansion consolid\u00e9e<\/strong>, ayant contribu\u00e9 \u00e0 la <strong>March\u00e9 continu<\/strong> des bourses espagnoles depuis <strong>Juillet 2025<\/strong>, apr\u00e8s son d\u00e9part initial vers la <strong>Croissance des PME en 2019<\/strong>.<\/p>\n\n\n\n<div style=\"height:20px\" aria-hidden=\"true\" class=\"wp-block-spacer\"><\/div>\n\n\n\n<h2 class=\"wp-block-heading\">$IZER : Principes fondamentaux et valeur potentielle<\/h2>\n\n\n\n<p>Avec un <strong>une situation financi\u00e8re stable<\/strong> dans le secteur des <strong>conseil technologique<\/strong>, se caract\u00e9rise principalement par une <strong>une croissance soutenue des revenus et de la rentabilit\u00e9<\/strong>, motiv\u00e9 par <strong>acquisitions strat\u00e9giques<\/strong>, <strong>l'expansion internationale<\/strong> et l'accent mis sur <strong>des services \u00e0 haute valeur ajout\u00e9e<\/strong> comme <strong>intelligence artificielle<\/strong>, <strong>cybers\u00e9curit\u00e9<\/strong> y <strong>transformation num\u00e9rique<\/strong>. Il dispose d'un <strong>une capitalisation boursi\u00e8re d'environ 351,4 millions d'euros<\/strong>, se positionner en tant que <strong>grand acteur<\/strong> dans le segment des services technologiques, surperformant <strong>les pairs du secteur (69,63 millions d'euros)<\/strong> en termes d'\u00e9chelle op\u00e9rationnelle et de diversification g\u00e9ographique, ainsi qu'au-dessus de l'objectif de la <strong>moyenne du secteur (94,37 millions d'euros)<\/strong>. Votre <strong>mod\u00e8le de revenus r\u00e9currents<\/strong> est bas\u00e9 sur le conseil, la mise en \u0153uvre de solutions et la maintenance, avec des op\u00e9rations dans les pays suivants <strong>plus de 25 pays<\/strong> et un <strong>pipeline strat\u00e9gique<\/strong> dans le cadre du plan <strong>\u00abIzertis 2030\u00bb<\/strong>, qui vise \u00e0 une <strong>une expansion significative<\/strong> sur des march\u00e9s cl\u00e9s tels que l'Europe et l'Am\u00e9rique latine ; nous y reviendrons plus loin.<\/p>\n\n\n\n<p>En tenant compte de la <strong>Indicateurs d'\u00e9valuation IZER<\/strong>, Ceux-ci refl\u00e8tent une <strong>prime mod\u00e9r\u00e9e<\/strong> par rapport \u00e0 ses pairs, soutenue par une <strong>une croissance pr\u00e9vue sup\u00e9rieure \u00e0 celle du secteur<\/strong>. Il dispose d'un <strong>un ratio cours\/b\u00e9n\u00e9fice de 55,0x<\/strong>, au-dessus de la <strong>moyenne des paires (8,8x)<\/strong> et de la <strong>secteur (11,7x)<\/strong>, qui indique <strong>grande confiance<\/strong> dans sa trajectoire de revenus. Les <strong>Ratio PEG de 2,21<\/strong> est sup\u00e9rieure \u00e0 la moyenne des pairs <strong>(0.08)<\/strong> et sectorielles <strong>(0.01)<\/strong>, ce qui sugg\u00e8re une <strong>une valorisation corrig\u00e9e de la croissance moins attrayante<\/strong>, L'accent mis sur l'innovation compense cette situation. Ses <strong>Multiple P\/BV de 3,3x<\/strong> est comp\u00e9titif par rapport \u00e0 <strong>2,3x des paires<\/strong> y <strong>2,4x du secteur<\/strong>, la mise en \u00e9vidence d'un <strong>une base d'actifs bien valoris\u00e9e<\/strong>tandis que le <strong>P\/S de 2,0x<\/strong> est sup\u00e9rieur \u00e0 <strong>paires (0,5x)<\/strong> mais en dessous de la <strong>secteur (2,3x)<\/strong>. Les <strong>potentiel de hausse estim\u00e9 \u00e0 24,4%<\/strong> s'aligne sur le secteur <strong>(24.4%)<\/strong>, bien qu'elle soit largement inf\u00e9rieure \u00e0 la <strong>80.3% de paires<\/strong>avec un <strong>d\u00e9cote par rapport \u00e0 la juste valeur de 4,4%<\/strong> contre <strong>18.2% de paires<\/strong> y <strong>4.4% du secteur<\/strong>.<\/p>\n\n\n\n<p>Actuellement <strong>IZER ne distribue pas de dividendes<\/strong>, Le fait qu'il s'aligne sur des pairs et des secteurs qui ne le font pas non plus, ce qui d\u00e9note une <strong>priorit\u00e9 au r\u00e9investissement<\/strong>, l'expansion et les acquisitions.<\/p>\n\n\n\n<p>Le <strong>Le total des actifs d'IZER s'\u00e9l\u00e8ve \u00e0 274,7 millions d'euros<\/strong>, nettement sup\u00e9rieures \u00e0 leurs homologues de l'Union europ\u00e9enne. <strong>paires (70,15 millions d'euros)<\/strong> y <strong>secteur (128,5 millions d'euros)<\/strong>, refl\u00e9tant <strong>des investissements agressifs dans la croissance<\/strong>. Les <strong>revenu net des parties li\u00e9es (6,40 Mio \u20ac)<\/strong> Les contributions interentreprises se distinguent dans un contexte d'expansion internationale. Les <strong>r\u00e9sultat d'exploitation (12,73 millions d'euros)<\/strong>, avec un <strong>une dette totale de 109,4 millions d'euros<\/strong>, \u00e9tant de loin sup\u00e9rieur \u00e0 <strong>paires (16,05 millions d'euros)<\/strong> y <strong>secteur (8,85 millions d'euros)<\/strong>, Il s'agit d'une <strong>une strat\u00e9gie de croissance agressive<\/strong>, IZER <strong>investir massivement<\/strong>, L'entreprise accumule davantage d'actifs, s'appuie sur des recettes interentreprises et maintient un niveau d'endettement \u00e9lev\u00e9. <strong>un endettement plus \u00e9lev\u00e9<\/strong>, Le <strong>pari expansionniste<\/strong> avec des exigences financi\u00e8res plus \u00e9lev\u00e9es.<\/p>\n\n\n\n<p><strong>IZER fait preuve d'un dynamisme bien sup\u00e9rieur<\/strong> en mati\u00e8re de croissance, avec une <strong>croissance du chiffre d'affaires de 18,4% d'une ann\u00e9e sur l'autre<\/strong>, atteindre <strong>\u20ac173.4 M<\/strong>, contre la <strong>1.5% de paires<\/strong> y <strong>6,9% du secteur<\/strong>. Les <strong>Taux de croissance annuel moyen du chiffre d'affaires sur 5 ans de 23,3%<\/strong> d\u00e9passe de loin la <strong>4.3% de paires<\/strong> et le <strong>7.0% sectoriel<\/strong>. Les <strong>croissance du revenu net d'exploitation de 27,1%<\/strong>, avec un <strong>Taux de croissance annuel moyen des recettes nettes de 78,0%<\/strong> contre <strong>15,6% de paires<\/strong> y <strong>10,7% sectoriel<\/strong>, montre un <strong>une expansion bien sup\u00e9rieure \u00e0 celle du march\u00e9<\/strong>. Avec <strong>projections de croissance de 25,9%<\/strong> (vs. <strong>2,4% paires<\/strong> y <strong>5.4% secteur<\/strong>), l'entreprise est <strong>bien positionn\u00e9<\/strong> pour atteindre ses objectifs <strong>Objectif de 500 millions d'euros de recettes d'ici \u00e0 2030<\/strong>.<\/p>\n\n\n\n<p>Le <strong>La rentabilit\u00e9 d'IZER est solide<\/strong>avec un <strong>un b\u00e9n\u00e9fice brut de 29,44 millions d'euros<\/strong> et un <strong>marge nette de 3,7%<\/strong>, d\u00e9passant les <strong>1,8% de paires<\/strong> y <strong>2,6% sectoriel<\/strong>. Les <strong>RCI de 5,5%<\/strong> est situ\u00e9 au-dessus de la <strong>4,7% de paires<\/strong> y <strong>3.1% du secteur<\/strong>tandis que le <strong>ROA de 2,7%<\/strong> d\u00e9passe <strong>2.1% paires<\/strong> y <strong>2.1% sectoriel<\/strong>. Les <strong>ROE de 6,5%<\/strong> est inf\u00e9rieure \u00e0 la <strong>8.5% de paires<\/strong>, bien que plus \u00e9lev\u00e9e que la <strong>4.2% sectoriel<\/strong>, et le <strong>ROCE moyen de 7,2%<\/strong> se compare favorablement avec <strong>6.1% de paires<\/strong> y <strong>5.2% secteur<\/strong>. Dans l'ensemble, IZER maintient une <strong>une solide rentabilit\u00e9<\/strong>, a surpass\u00e9 le secteur dans la plupart des mesures cl\u00e9s, montrant <strong>une capacit\u00e9 constante \u00e0 g\u00e9n\u00e9rer de la valeur<\/strong> sur un march\u00e9 technologique en expansion, en s'appuyant sur des lignes \u00e0 plus forte marge telles que la <strong>IA<\/strong> y <strong>cybers\u00e9curit\u00e9<\/strong>.<\/p>\n\n\n\n<div style=\"height:20px\" aria-hidden=\"true\" class=\"wp-block-spacer\"><\/div>\n\n\n\n<figure class=\"wp-block-image size-large\"><img fetchpriority=\"high\" decoding=\"async\" width=\"1024\" height=\"242\" src=\"https:\/\/diegogarciadelrio.com\/wp-content\/uploads\/2025\/12\/LOGO-EMPRESA-3-e1765283480943-1024x242.png\" alt=\"LOGO IZER SA\" class=\"wp-image-1989\" title=\"\" srcset=\"https:\/\/diegogarciadelrio.com\/wp-content\/uploads\/2025\/12\/LOGO-EMPRESA-3-e1765283480943-1024x242.png 1024w, https:\/\/diegogarciadelrio.com\/wp-content\/uploads\/2025\/12\/LOGO-EMPRESA-3-e1765283480943-300x71.png 300w, https:\/\/diegogarciadelrio.com\/wp-content\/uploads\/2025\/12\/LOGO-EMPRESA-3-e1765283480943-768x182.png 768w, https:\/\/diegogarciadelrio.com\/wp-content\/uploads\/2025\/12\/LOGO-EMPRESA-3-e1765283480943-1536x363.png 1536w, https:\/\/diegogarciadelrio.com\/wp-content\/uploads\/2025\/12\/LOGO-EMPRESA-3-e1765283480943-18x4.png 18w, https:\/\/diegogarciadelrio.com\/wp-content\/uploads\/2025\/12\/LOGO-EMPRESA-3-e1765283480943.png 1920w\" sizes=\"(max-width: 1024px) 100vw, 1024px\" \/><figcaption class=\"wp-element-caption\"><em>Source : Izertis Sa (IZER) Logo | Google<\/em><\/figcaption><\/figure>\n\n\n\n<div style=\"height:20px\" aria-hidden=\"true\" class=\"wp-block-spacer\"><\/div>\n\n\n\n<h2 class=\"wp-block-heading\">IZERTIS 2030<\/h2>\n\n\n\n<p>Le <strong>10 septembre 2025<\/strong>, Izertis a pr\u00e9sent\u00e9 son plan strat\u00e9gique <strong>\u00abIzertis 2030\u00bb<\/strong>, repr\u00e9sentant un <strong>cadre global<\/strong> pour propulser sa croissance vers de nouveaux horizons. Ce document, communiqu\u00e9 en tant que <strong>informations privil\u00e9gi\u00e9es<\/strong> conform\u00e9ment \u00e0 l'article 226 de la <strong>Loi sur les march\u00e9s des valeurs mobili\u00e8res et les services d'investissement 6\/2023<\/strong>, Les <strong>des objectifs financiers clairs<\/strong>:<\/p>\n\n\n\n<ul class=\"wp-block-list\">\n<li>Atteindre <strong>500 millions d'euros de recettes totales<\/strong> y <strong>65 millions d'euros d'EBITDA normalis\u00e9<\/strong> pour les <strong>ann\u00e9e 2030<\/strong>.<br><\/li>\n<\/ul>\n\n\n\n<p>Cela repr\u00e9sente <strong>tripler la taille actuelle de l'entreprise<\/strong>, Le <strong>138,1 millions d'euros de recettes<\/strong> y <strong>20,7 millions d'euros d'EBITDA normalis\u00e9<\/strong> rapport\u00e9 dans <strong>2024<\/strong>. Cette projection est bas\u00e9e sur une <strong>taux de croissance annuel compos\u00e9 (TCAC)<\/strong> approximatif <strong>23,8% de recettes<\/strong> et de la <strong>20,9% en EBITDA<\/strong>, chiffres qui <strong>surpasser les performances historiques<\/strong> de l'entreprise, mais s'alignent sur ses <strong>trajectoire d'expansion acc\u00e9l\u00e9r\u00e9e<\/strong>.<\/p>\n\n\n\n<p>Passons maintenant \u00e0 l'analyse du document lui-m\u00eame, <strong>\u201cOrientations financi\u00e8res IZERTIS 2030\u201d.\u201d<\/strong>, disponible \u00e0 l'adresse suivante <strong>Site officiel de la CNMV<\/strong>, renforce la <strong>ambition strat\u00e9gique<\/strong> et sa volont\u00e9 de consolider sa position en tant qu'acteur important de l'\u00e9conomie europ\u00e9enne. <strong>acteur technologique majeur en Europe<\/strong>.<\/p>\n\n\n\n<p>Le document est pertinent dans la mesure o\u00f9 il <strong>clause de non-responsabilit\u00e9<\/strong>, qui souligne l'importance de la <strong>caract\u00e8re pr\u00e9visionnel<\/strong> des projections. Celles-ci ne constituent pas des garanties, mais <strong>estimations sujettes \u00e0 caution<\/strong> et aux changements de l'environnement ou de la strat\u00e9gie de l'entreprise. Cette clause <strong>prot\u00e8ge l'entreprise<\/strong> et rappelle que la <strong>informations non GAAP<\/strong>, comme l'EBITDA normalis\u00e9, doivent \u00eatre interpr\u00e9t\u00e9es conjointement avec l'EBITDA normalis\u00e9. <strong>donn\u00e9es v\u00e9rifi\u00e9es<\/strong>. D'un point de vue strat\u00e9gique, il permet \u00e0 Izertis de <strong>la communication d'objectifs sans engagements absolus<\/strong>, le renforcement de la <strong>confiance des parties prenantes<\/strong> en reconnaissant ouvertement les incertitudes qui pourraient affecter les r\u00e9sultats.<\/p>\n\n\n\n<p>Dans son <strong>r\u00e9sum\u00e9 de l'entreprise<\/strong>, Izertis se pr\u00e9sente comme un <strong>soci\u00e9t\u00e9 de conseil num\u00e9rique de premier plan<\/strong>, sp\u00e9cialis\u00e9e dans <strong>transformation num\u00e9rique<\/strong> e <strong>l'innovation<\/strong>. Avec <strong>revenus de 138,1 millions d'euros en 2024<\/strong>a <strong>15% Marge EBITDA<\/strong> et un <strong>un effectif de 2 274 professionnels<\/strong>, Le <strong>une base op\u00e9rationnelle solide<\/strong>. Les <strong>augmentation de 478%<\/strong> dans le <strong>prix de l'action \u00e0 partir de 2019<\/strong> et un <strong>capitalisation boursi\u00e8re de 282,2 M\u20ac en ao\u00fbt 2025<\/strong> refl\u00e9ter <strong>cr\u00e9ation de valeur<\/strong> et un <strong>bon positionnement<\/strong> apr\u00e8s son passage \u00e0 la <strong>March\u00e9 continu<\/strong>. Cette performance, ainsi qu'une <strong>Taux de croissance annuel moyen (CAGR) de 26,6% pour les recettes<\/strong> et de la <strong>38% d'EBITDA (2021-2024)<\/strong>, soutient la <strong>cr\u00e9dibilit\u00e9<\/strong> de ses objectifs \u00e0 long terme, bien qu'elle t\u00e9moigne \u00e9galement d'une volont\u00e9 d'am\u00e9liorer la qualit\u00e9 de la vie. <strong>la sensibilit\u00e9 \u00e0 la disponibilit\u00e9 de talents sp\u00e9cialis\u00e9s<\/strong> dans un secteur hautement comp\u00e9titif.<\/p>\n\n\n\n<p>Le <strong>r\u00e9partition par secteur et par ligne d'activit\u00e9<\/strong> r\u00e9pond \u00e0 une strat\u00e9gie de <strong>diversification<\/strong> ce qui limite les risques de concentration. Pour les <strong>2025<\/strong>, Les revenus sont r\u00e9partis entre<\/p>\n\n\n\n<div style=\"height:15px\" aria-hidden=\"true\" class=\"wp-block-spacer\"><\/div>\n\n\n\n<ul class=\"wp-block-list\">\n<li><strong>Secteur public et sant\u00e9 (30.6%)<\/strong><strong><br><\/strong><\/li>\n\n\n\n<li><strong>Banque et assurance (30.3%)<\/strong><strong><br><\/strong><\/li>\n\n\n\n<li><strong>Industrie et services (26.7%)<\/strong><strong><br><\/strong><\/li>\n\n\n\n<li><strong>T\u00e9l\u00e9communications et \u00e9nergie (12.4%)<\/strong><strong><br><\/strong><\/li>\n<\/ul>\n\n\n\n<div style=\"height:15px\" aria-hidden=\"true\" class=\"wp-block-spacer\"><\/div>\n\n\n\n<p>Par secteur d'activit\u00e9, les \u00e9l\u00e9ments suivants se distinguent :<\/p>\n\n\n\n<div style=\"height:15px\" aria-hidden=\"true\" class=\"wp-block-spacer\"><\/div>\n\n\n\n<ul class=\"wp-block-list\">\n<li><strong>CX et solutions d'entreprise (40.9%)<\/strong><strong><br><\/strong><\/li>\n\n\n\n<li><strong>Conseil et gouvernance (22.7%)<\/strong><strong><br><\/strong><\/li>\n\n\n\n<li>Domaines d'activit\u00e9 <strong>marge \u00e9lev\u00e9e<\/strong> comme <strong>l'intelligence artificielle (3.8%)<\/strong> y <strong>cybers\u00e9curit\u00e9 (6.7%)<\/strong><strong><br><\/strong><\/li>\n<\/ul>\n\n\n\n<div style=\"height:25px\" aria-hidden=\"true\" class=\"wp-block-spacer\"><\/div>\n\n\n\n<p>Ce m\u00e9lange est align\u00e9 sur <strong>les tendances mondiales de la num\u00e9risation<\/strong> et soutient <strong>marges sup\u00e9rieures<\/strong>, bien qu'il soit pertinent de surveiller <strong>changements r\u00e9glementaires<\/strong> o <strong>les cycles \u00e9conomiques d\u00e9favorables<\/strong>.<\/p>\n\n\n\n<p>Le <strong>\u00e9tapes d\u00e9crites<\/strong> refl\u00e8tent l'\u00e9volution d'Izertis depuis sa cr\u00e9ation. <strong>fond\u00e9e en 1996 \u00e0 Gij\u00f3n<\/strong> jusqu'\u00e0 sa consolidation en tant que <strong>multinationale<\/strong> avec une pr\u00e9sence dans <strong>plus de 25 pays<\/strong> et des sites de production en <strong>L'Europe<\/strong>, <strong>Am\u00e9rique latine<\/strong> e <strong>Inde<\/strong>. Les <strong>r\u00e9partition g\u00e9ographique pr\u00e9vue d'ici 2025<\/strong> affiche un poids pertinent de <strong>Espagne (66%)<\/strong>, mais aussi des opportunit\u00e9s en <strong>Am\u00e9rique latine (10%)<\/strong> e <strong>Inde (5%)<\/strong>, qui pr\u00e9voit <strong>\u00e9volutivit\u00e9<\/strong> au plan, bien qu'il introduise <strong>les risques de change, de r\u00e9glementation et d'\u00e9ch\u00e9ance du march\u00e9<\/strong>.<\/p>\n\n\n\n<p>Le <strong>croissance inorganique<\/strong> constitue un autre <strong>pilier essentiel<\/strong>. A partir de <strong>1998<\/strong>, Izertis a achev\u00e9 <strong>43 acquisitions<\/strong>, l'augmentation des recettes de <strong>21 millions d'euros en 2017<\/strong> \u00e0 <strong>138,1 millions en 2024<\/strong>. Cette strat\u00e9gie permet <strong>p\u00e9n\u00e9trer rapidement les nouvelles technologies et les nouveaux march\u00e9s<\/strong>, g\u00e9n\u00e9rant <strong>les synergies<\/strong>, bien qu'elle implique <strong>d\u00e9fis<\/strong> tels que l'int\u00e9gration op\u00e9rationnelle, les co\u00fbts associ\u00e9s et l'harmonisation culturelle.<\/p>\n\n\n\n<p>Le <strong>les projections financi\u00e8res<\/strong> du plan consolident les <strong>vision strat\u00e9gique<\/strong> de l'entreprise. Sur la base de <strong>quatre leviers<\/strong> \u2014<strong>l'expansion internationale<\/strong>, <strong>flexibilit\u00e9 productive<\/strong>, <strong>acquisitions strat\u00e9giques<\/strong> y <strong>des services \u00e0 haute valeur ajout\u00e9e<\/strong>\u2014, <strong>\u201cIzertis 2030\u201d<\/strong> est \u00e0 la recherche d'un <strong>une croissance bien sup\u00e9rieure \u00e0 la moyenne sectorielle<\/strong> et un <strong>positionnement renforc\u00e9<\/strong> dans des domaines tels que <strong>IA<\/strong>, <strong>donn\u00e9es<\/strong> y <strong>transformation num\u00e9rique<\/strong>. Toutefois, la r\u00e9alisation de ces objectifs d\u00e9pendra d'un certain nombre de facteurs. <strong>une mise en \u0153uvre disciplin\u00e9e<\/strong> dans un environnement incertain. Il s'agit d'un plan <strong>ambitieux<\/strong>avec <strong>une croissance av\u00e9r\u00e9e<\/strong> y <strong>la capacit\u00e9 \u00e0 g\u00e9n\u00e9rer de la valeur \u00e0 long terme<\/strong> au sein de l'\u00e9cosyst\u00e8me technologique europ\u00e9en.<\/p>\n\n\n\n<div style=\"height:20px\" aria-hidden=\"true\" class=\"wp-block-spacer\"><\/div>\n\n\n\n<figure class=\"wp-block-image size-large\"><img decoding=\"async\" width=\"1024\" height=\"574\" src=\"https:\/\/diegogarciadelrio.com\/wp-content\/uploads\/2025\/12\/IZER-2030-1024x574.png\" alt=\"IZER 2030\" class=\"wp-image-1992\" title=\"\" srcset=\"https:\/\/diegogarciadelrio.com\/wp-content\/uploads\/2025\/12\/IZER-2030-1024x574.png 1024w, https:\/\/diegogarciadelrio.com\/wp-content\/uploads\/2025\/12\/IZER-2030-300x168.png 300w, https:\/\/diegogarciadelrio.com\/wp-content\/uploads\/2025\/12\/IZER-2030-768x431.png 768w, https:\/\/diegogarciadelrio.com\/wp-content\/uploads\/2025\/12\/IZER-2030-18x10.png 18w, https:\/\/diegogarciadelrio.com\/wp-content\/uploads\/2025\/12\/IZER-2030.png 1389w\" sizes=\"(max-width: 1024px) 100vw, 1024px\" \/><figcaption class=\"wp-element-caption\"><em>Source : Izertis Guidance 2030<\/em> <em>| CNMV<\/em><\/figcaption><\/figure>\n\n\n\n<div style=\"height:20px\" aria-hidden=\"true\" class=\"wp-block-spacer\"><\/div>\n\n\n\n<h2 class=\"wp-block-heading\">$IZER : Catalyseurs cl\u00e9s et sc\u00e9narios de prix<\/h2>\n\n\n\n<p>Izertis se positionne actuellement pour plusieurs catalyseurs potentiels qui pourraient influencer sa valorisation et sa performance, en donnant la priorit\u00e9 \u00e0 des aspects tels que les acquisitions r\u00e9centes, les projections financi\u00e8res et la dynamique du secteur.<\/p>\n\n\n\n<div style=\"height:25px\" aria-hidden=\"true\" class=\"wp-block-spacer\"><\/div>\n\n\n\n<p>1. <strong>Mise en \u0153uvre du plan strat\u00e9gique \u00abIzertis 2030\u00bb.\u00bb<\/strong>Le plan susmentionn\u00e9 repr\u00e9sente un catalyseur cl\u00e9 \u00e0 moyen\/long terme. \u00c0 la suite du roadshow international organis\u00e9 en septembre et octobre 2025 dans des villes telles que Londres, Paris et Madrid, des mises \u00e0 jour sur les progr\u00e8s r\u00e9alis\u00e9s en mati\u00e8re d'expansion internationale et de services \u00e0 forte valeur ajout\u00e9e (tels que l'IA et la cybers\u00e9curit\u00e9) sont attendues. Toute annonce de progr\u00e8s au premier trimestre 2026 pourrait renforcer la confiance des investisseurs, surtout si l'on consid\u00e8re le TCAC historique de 26,6% des revenus entre 2021 et 2024.<\/p>\n\n\n\n<div style=\"height:25px\" aria-hidden=\"true\" class=\"wp-block-spacer\"><\/div>\n\n\n\n<ol class=\"wp-block-list\">\n<li><\/li>\n<\/ol>\n\n\n\n<p><\/p>\n\n\n\n<p>2. <strong>Rapport sur les r\u00e9sultats financiers du quatri\u00e8me trimestre et de l'exercice 2025<\/strong>Les r\u00e9sultats de l'exercice 2025 devraient \u00eatre publi\u00e9s dans les prochains mois, probablement en f\u00e9vrier\/mars 2026, conform\u00e9ment aux pratiques habituelles du march\u00e9 continu. Compte tenu de la croissance de 18,9% du chiffre d'affaires au cours du S1 2025 (atteignant 78 M\u20ac) et d'un EBITDA normalis\u00e9 de 11 M\u20ac, une bonne fin d'ann\u00e9e pourrait valider les projections du plan 2030. Cet \u00e9v\u00e9nement est un catalyseur r\u00e9current, car il pourrait r\u00e9v\u00e9ler une am\u00e9lioration des marges (actuellement \u00e0 14,1%) et des ratios d'endettement (net sur EBITDA de 2,9x \u00e0 la fin du S1), ce qui renforcerait l'attrait des investisseurs institutionnels.<\/p>\n\n\n\n<div style=\"height:25px\" aria-hidden=\"true\" class=\"wp-block-spacer\"><\/div>\n\n\n\n<p>3. <strong>Acquisitions strat\u00e9giques et expansion inorganique<\/strong>Avec un historique de 43 acquisitions depuis 1998, Izertis a d\u00e9montr\u00e9 sa capacit\u00e9 \u00e0 int\u00e9grer des op\u00e9rations pour acc\u00e9l\u00e9rer sa croissance. Parmi les op\u00e9rations r\u00e9centes, citons l'acquisition de l'activit\u00e9 de transformation num\u00e9rique de Grupo ICA en octobre 2025, qui renforce sa pr\u00e9sence en Espagne, et l'achat de 50% du groupe centram\u00e9ricain Coderland en avril 2025, qui lui permet d'\u00e9tendre sa pr\u00e9sence en Am\u00e9rique latine. D'autres annonces sont attendues \u00e0 court terme, en raison de l'accent mis sur les fusions-acquisitions cr\u00e9atrices de valeur, comme le souligne l'analyse d'avril 2025 de BME Growth. Ces op\u00e9rations pourraient agir comme des catalyseurs imm\u00e9diats, augmentant la capitalisation boursi\u00e8re actuelle d'environ 351,4 millions d'euros.<\/p>\n\n\n\n<div style=\"height:25px\" aria-hidden=\"true\" class=\"wp-block-spacer\"><\/div>\n\n\n\n<p>4. <strong>Prix et reconnaissance sectoriels<\/strong>Le r\u00e9cent prix de l'innovation et de la technologie de Capital 2025, re\u00e7u en novembre 2025, souligne la position d'Izertis dans l'\u00e9cosyst\u00e8me technologique. Des \u00e9v\u00e9nements similaires ou de futures certifications dans les domaines de l'IA et de la cybers\u00e9curit\u00e9 pourraient g\u00e9n\u00e9rer une dynamique positive, notamment dans un contexte de transition num\u00e9rique europ\u00e9enne.<\/p>\n\n\n\n<div style=\"height:25px\" aria-hidden=\"true\" class=\"wp-block-spacer\"><\/div>\n\n\n\n<ul class=\"wp-block-list\">\n<li><strong>Partenariats ou acquisitions potentiels dans les march\u00e9s \u00e9mergents<\/strong>Les analystes et les forums d'investissement sp\u00e9culent sur d'\u00e9ventuelles expansions suppl\u00e9mentaires en Inde et en Am\u00e9rique latine, align\u00e9es sur le plan 2030. Des rumeurs non v\u00e9rifi\u00e9es sugg\u00e8rent un int\u00e9r\u00eat pour les startups sp\u00e9cialis\u00e9es dans l'IA, en raison du faible poids actuel de ce secteur d'activit\u00e9 (3,8% de revenus en 2024), mais il n'y a pas de preuve concr\u00e8te.<\/li>\n\n\n\n<li><strong>Impact de la suspension temporaire du contrat de liquidit\u00e9<\/strong>En novembre 2025, Izertis a annonc\u00e9 une suspension temporaire suivie d'une r\u00e9activation de son contrat de liquidit\u00e9, ce qui a donn\u00e9 lieu \u00e0 des murmures concernant des ajustements de la structure financi\u00e8re pour financer la croissance. Certains investisseurs interpr\u00e8tent cela comme une pr\u00e9paration \u00e0 des \u00e9missions de capital ou de dette, potentiellement li\u00e9es \u00e0 des fusions-acquisitions, bien que l'entreprise n'ait pas fourni de d\u00e9tails suppl\u00e9mentaires.<\/li>\n\n\n\n<li><strong>Sp\u00e9culation boursi\u00e8re<\/strong>Les analystes sur des plateformes telles que Yahoo Finance\/Marketscreener discutent des projections des analystes qui anticipent une hausse potentielle de 24,4%, sur la base d'un ratio cours\/b\u00e9n\u00e9fice de 55,0x. Des rumeurs font \u00e9tat d'une possible r\u00e9\u00e9valuation positive si les objectifs interm\u00e9diaires du plan 2030 sont atteints, bien que des inqui\u00e9tudes persistent quant \u00e0 la volatilit\u00e9 du secteur technologique en raison de facteurs macro\u00e9conomiques.<\/li>\n<\/ul>\n\n\n\n<div style=\"height:20px\" aria-hidden=\"true\" class=\"wp-block-spacer\"><\/div>\n\n\n\n<h2 class=\"wp-block-heading\">$IZER : Sc\u00e9narios de revalorisation<\/h2>\n\n\n\n<p>Dans un <strong>sc\u00e9nario optimiste<\/strong>, avec la mise en \u0153uvre acc\u00e9l\u00e9r\u00e9e du plan \u00abIzertis 2030\u00bb par le biais d'acquisitions strat\u00e9giques suppl\u00e9mentaires, <strong>25% croissance annuelle du chiffre d'affaires tir\u00e9e par des services \u00e0 forte valeur ajout\u00e9e tels que l'IA et la cybers\u00e9curit\u00e9,<\/strong> et une expansion r\u00e9ussie sur les march\u00e9s internationaux tels que l'Am\u00e9rique latine et l'Inde, le prix cible serait de l'ordre de 1,5 milliard d'euros. <strong>16 EUR<\/strong>, impliquant une hausse de <strong>+52% au-dessus des niveaux actuels d'environ 10,50 EUR<\/strong>. Ce sc\u00e9nario suppose un environnement favorable \u00e0 la demande num\u00e9rique, des marges d'EBITDA sup\u00e9rieures \u00e0 15% et d'\u00e9ventuelles alliances avec de grandes entreprises technologiques, ce qui porterait la capitalisation boursi\u00e8re \u00e0 plus de 500 millions d'euros et renforcerait la confiance des investisseurs institutionnels.<\/p>\n\n\n\n<p>Dans un <strong>sc\u00e9nario de base\/standard<\/strong>, La soci\u00e9t\u00e9 maintiendrait un taux de croissance organique stable en ligne avec le consensus des analystes, atteignant un chiffre d'affaires proche de 200-250 M\u20ac d'ici 2027 gr\u00e2ce \u00e0 l'int\u00e9gration progressive des acquisitions et \u00e0 la diversification g\u00e9ographique, dans ce cadre, l'objectif de cours s'\u00e9l\u00e8verait \u00e0 1,5 million d'euros. <strong>13 EUR<\/strong>, refl\u00e9tant une <strong>hausse de +24% par rapport aux niveaux actuels<\/strong>, soutenu par la normalisation des co\u00fbts d'exploitation, la poursuite des politiques d'innovation dans l'UE et une croissance normalis\u00e9e de l'EBITDA de 10-15% en glissement annuel. N\u00e9anmoins, dans un <strong>sc\u00e9nario pessimiste<\/strong>, Le ralentissement des acquisitions d\u00fb \u00e0 la volatilit\u00e9 \u00e9conomique, les retards dans l'adoption des technologies \u00e9mergentes ou l'intensification de la concurrence dans le secteur du conseil pourraient limiter les r\u00e9\u00e9valuations, ce qui mettrait en p\u00e9ril la comp\u00e9titivit\u00e9 de l'entreprise. <strong>prix cible autour de 9 EUR<\/strong>, \u00e9quivalent \u00e0 un<strong> les inconv\u00e9nients du -14%<\/strong>. M\u00eame en tenant compte du contexte sectoriel, celui-ci resterait favorable en raison de la transition num\u00e9rique mondiale et des ant\u00e9c\u00e9dents solides d'Izertis, qui offrent un soutien fondamental m\u00eame dans un environnement d\u00e9favorable.<\/p>\n\n\n\n<div style=\"height:20px\" aria-hidden=\"true\" class=\"wp-block-spacer\"><\/div>\n\n\n\n<h2 class=\"wp-block-heading\">$IZER : Analyse technique - Structure baissi\u00e8re et signaux de rupture de tendance<\/h2>\n\n\n\n<p>Izertis est cot\u00e9e sur le march\u00e9 espagnol et d\u00e9tient actuellement une licence d'exploitation. <strong>structure technique baissi\u00e8re<\/strong> sur le graphique journalier, se trouve \u00e0 l'int\u00e9rieur d'une <strong>triangle descendant<\/strong> refl\u00e9tant la poursuite de la pression vendeuse.<\/p>\n\n\n\n<p>Le mod\u00e8le de prix est d\u00e9fini par <strong>pics de chute<\/strong> de la <strong>12.50 EUR<\/strong> enregistr\u00e9 en juillet et un <strong>soutien horizontal entre 9,50 et 10,00 EUR<\/strong>. Bien que le rebond de la <strong>8.50 EUR<\/strong> Le rapport d'octobre montre une certaine reprise, mais la structure principale reste intacte. Seule une <strong>rupture durable au-dessus de EUR 11,00<\/strong> invaliderait le sch\u00e9ma baissier et permettrait une \u00e9volution \u00e0 la baisse. <strong>12.00-12.50 EUR<\/strong>. En revanche, le <strong>perte de 10,00 EUR<\/strong> expose une descente dans <strong>9.00 EUR<\/strong>, niveau technique et psychologique appropri\u00e9.<\/p>\n\n\n\n<p>Sur les indicateurs, <strong>RSI \u00e0 67,14<\/strong> signale un surachat, ce qui pourrait d\u00e9terminer un prochain mouvement \u00e0 la baisse, <strong>MACD positif<\/strong> et avec des signes possibles de retournement. Le prix se n\u00e9gocie \u00e0 <strong>au-dessus des moyennes mobiles 50 et 200<\/strong>, avec un croisement il y a quelques jours. Volume, <strong>inf\u00e9rieur \u00e0 la moyenne<\/strong> dans la phase de rebond, indique <strong>manque de conviction d'achat<\/strong>.<\/p>\n\n\n\n<p>Les niveaux critiques sont concentr\u00e9s dans <strong>9,86 EUR comme soutien<\/strong> y <strong>11,70 EUR comme r\u00e9sistance principale<\/strong>. La sortie de l'une de ces fourchettes d\u00e9terminera la direction du prochain mouvement de tendance. A <strong>pause<\/strong> activerait un <strong>objectif th\u00e9orique entre 9,68 et 8,82 euros<\/strong>.<\/p>\n\n\n\n<p>Il conserve actuellement une <strong>profil technique baissier<\/strong>, avec d'\u00e9ventuels <strong>rebonds tactiques<\/strong> tant que le soutien est maintenu. La validation de tout sc\u00e9nario n\u00e9cessite <strong>augmentation du volume<\/strong> y <strong>confirmation dans les fermetures<\/strong>. Le suivi des <strong>mises \u00e0 jour de l'entreprise<\/strong> Le lien avec le plan strat\u00e9gique d'Izertis sera essentiel pour identifier les changements de dynamique et de perception du march\u00e9.<\/p>\n\n\n\n<div style=\"height:20px\" aria-hidden=\"true\" class=\"wp-block-spacer\"><\/div>\n\n\n\n<figure class=\"wp-block-image size-large\"><img decoding=\"async\" width=\"1024\" height=\"493\" src=\"https:\/\/diegogarciadelrio.com\/wp-content\/uploads\/2025\/12\/image-8-e1765962347114-1024x493.png\" alt=\"Izertis S.A. (IZER) TF 1D | TradingView\" class=\"wp-image-1987\" title=\"\" srcset=\"https:\/\/diegogarciadelrio.com\/wp-content\/uploads\/2025\/12\/image-8-e1765962347114-1024x493.png 1024w, https:\/\/diegogarciadelrio.com\/wp-content\/uploads\/2025\/12\/image-8-e1765962347114-300x144.png 300w, https:\/\/diegogarciadelrio.com\/wp-content\/uploads\/2025\/12\/image-8-e1765962347114-768x370.png 768w, https:\/\/diegogarciadelrio.com\/wp-content\/uploads\/2025\/12\/image-8-e1765962347114-1536x739.png 1536w, https:\/\/diegogarciadelrio.com\/wp-content\/uploads\/2025\/12\/image-8-e1765962347114-18x9.png 18w, https:\/\/diegogarciadelrio.com\/wp-content\/uploads\/2025\/12\/image-8-e1765962347114.png 1573w\" sizes=\"(max-width: 1024px) 100vw, 1024px\" \/><figcaption class=\"wp-element-caption\"><em><sup>Source : I<em>zertis Sa (IZER)<\/em> TF 1D | TradingView<\/sup><\/em><\/figcaption><\/figure>\n\n\n\n<p><\/p>","protected":false},"excerpt":{"rendered":"<p>Entrando en el mercado espa\u00f1ol, que si bien no constituye nuestro foco principal pero s\u00ed un \u00e1mbito que monitorizamos de forma constante en busca de oportunidades emergentes, Izertis S.A. ($IZER) destaca como una compa\u00f1\u00eda tecnol\u00f3gica con un perfil de crecimiento sostenido y una hoja de ruta estrat\u00e9gica orientada a la transformaci\u00f3n digital integral. Izertis opera [&hellip;]<\/p>\n","protected":false},"author":1,"featured_media":2091,"comment_status":"closed","ping_status":"closed","sticky":false,"template":"","format":"standard","meta":{"footnotes":""},"categories":[31,13],"tags":[],"class_list":["post-1986","post","type-post","status-publish","format-standard","has-post-thumbnail","hentry","category-analisis-de-activos","category-markets-by-diego"],"_links":{"self":[{"href":"https:\/\/diegogarciadelrio.com\/fr\/wp-json\/wp\/v2\/posts\/1986","targetHints":{"allow":["GET"]}}],"collection":[{"href":"https:\/\/diegogarciadelrio.com\/fr\/wp-json\/wp\/v2\/posts"}],"about":[{"href":"https:\/\/diegogarciadelrio.com\/fr\/wp-json\/wp\/v2\/types\/post"}],"author":[{"embeddable":true,"href":"https:\/\/diegogarciadelrio.com\/fr\/wp-json\/wp\/v2\/users\/1"}],"replies":[{"embeddable":true,"href":"https:\/\/diegogarciadelrio.com\/fr\/wp-json\/wp\/v2\/comments?post=1986"}],"version-history":[{"count":8,"href":"https:\/\/diegogarciadelrio.com\/fr\/wp-json\/wp\/v2\/posts\/1986\/revisions"}],"predecessor-version":[{"id":2080,"href":"https:\/\/diegogarciadelrio.com\/fr\/wp-json\/wp\/v2\/posts\/1986\/revisions\/2080"}],"wp:featuredmedia":[{"embeddable":true,"href":"https:\/\/diegogarciadelrio.com\/fr\/wp-json\/wp\/v2\/media\/2091"}],"wp:attachment":[{"href":"https:\/\/diegogarciadelrio.com\/fr\/wp-json\/wp\/v2\/media?parent=1986"}],"wp:term":[{"taxonomy":"category","embeddable":true,"href":"https:\/\/diegogarciadelrio.com\/fr\/wp-json\/wp\/v2\/categories?post=1986"},{"taxonomy":"post_tag","embeddable":true,"href":"https:\/\/diegogarciadelrio.com\/fr\/wp-json\/wp\/v2\/tags?post=1986"}],"curies":[{"name":"wp","href":"https:\/\/api.w.org\/{rel}","templated":true}]}}